{"id":302,"date":"2016-07-31T14:27:53","date_gmt":"2016-07-31T12:27:53","guid":{"rendered":"http:\/\/vox-populi.info\/?p=302"},"modified":"2016-07-31T14:27:53","modified_gmt":"2016-07-31T12:27:53","slug":"alt-gegen-jung","status":"publish","type":"post","link":"https:\/\/vox-populi.info\/?p=302","title":{"rendered":"Alt gegen Jung"},"content":{"rendered":"<blockquote><p>CSU, SPD und IG Metall wollen die Rentenreformen r\u00fcckg\u00e4ngig machen &#8211; auf Kosten der jungen Menschen. Damit gef\u00e4hrden sie den Generationenfrieden.<\/p><\/blockquote>\n<p>Weniger Beitragszahler, l\u00e4ngere Lebenszeit, mehr Rentenbezieher. Will sich die Politik auch nur einigerma\u00dfen fair gegen\u00fcber den Generationen verhalten, l\u00e4sst ihr die Demografie bei der gesetzlichen Rente eigentlich gar keine Wahl: Die damit einhergehenden Lasten m\u00fcssen gerecht unter den Altersgruppen verteilt werden. Zu Anfang des Jahrtausends stellte man sich dieser Verantwortung und passte das Rentensystem der demografischen Entwicklung an. Die Eingriffe wurden so austariert, dass jede Generation Einbu\u00dfen hinnehmen muss: Das Rentenniveau f\u00e4llt, das Renteneintrittsalter steigt, die Sozialbeitr\u00e4ge klettern bis zu einem Maximalwert, die private Altersvorsorge wird erg\u00e4nzend staatlich subventioniert.Diese Reformen stabilisierten die Staatsfinanzen, gaben den Unternehmen mehr Investitionssicherheit f\u00fcr die Schaffung neuer Jobs \u2013 und haben zusammen mit den Reformen f\u00fcr den Arbeitsmarkt letztendlich auch gro\u00dfen Anteil am Daueraufschwung hierzulande. Ohne Not sind CSU, Teile der SPD und die Gewerkschaften nun aber dran, diesen Generationenvertrag aufzuk\u00fcndigen \u2013 nat\u00fcrlich zu Lasten der jungen Menschen und der noch nicht geborenen k\u00fcnftigen Beitragszahler. Zu Lasten Dritter also. Ein solcher Akt von Verantwortungslosigkeit macht fassungslos.<\/p>\n<p>Nat\u00fcrlich werden die Forderungen nach R\u00fcckabwicklung der Rentenreformen argumentativ untermalt: Man m\u00fcsse etwas gegen die Altersarmut tun, die private Vorsorge sei nur Gesch\u00e4ftemacherei, die Selbst\u00e4ndigen und Beamten sollte man in die gesetzliche Rente integrieren. Auch ein Preisschild wurde schon drangeh\u00e4ngt. Allein der Vorschlag der IG Metall \u2013 Absenkung des Rentenniveaus ungeschehen machen \u2013 w\u00fcrde bis zu 36 Mrd. Euro j\u00e4hrlich kosten. Finanziert durch h\u00f6here Beitr\u00e4ge und Steuerzusch\u00fcsse. Es gehe schlie\u00dflich um \u201eLeistungsgerechtigkeit\u201c, betont die Gewerkschaft. Als ob das f\u00fcr die Beitragszahler nicht gelten w\u00fcrde, deren eigene Rente durch die damit beschleunigte Destabilisierung des Systems noch unsicherer wird \u2013 von den unmittelbaren finanziellen Einbu\u00dfen ganz zu schweigen, die es ihnen dann noch schwerer machen, etwas privat f\u00fcrs Alter zur\u00fcckzulegen. Dass es bis jetzt noch keinen Aufschrei der jungen Menschen gegeben hat, kann nur darauf zur\u00fcckgef\u00fchrt werden, dass sie die Vorschl\u00e4ge wegen ihrer offenkundigen Einseitigkeit und Dreistigkeit nicht ernst nehmen. Ein Fehler.<\/p>\n<p>Nat\u00fcrlich ist die Altersarmut angesichts eines sinkenden Rentenniveaus, gebrochener Lebensl\u00e4ufe und einer gro\u00dfen Zahl von Geringverdienern ein Problem. Das kann man aber nicht dadurch l\u00f6sen, dass man einfach h\u00f6here Sozialbeitr\u00e4ge ansetzt und die Kosten auf eine andere Generation \u00fcberw\u00e4lzt. Keine Rede auch davon, dass Armut unter j\u00fcngeren Menschen und unter Familien ein noch viel gr\u00f6\u00dferes Problem darstellt als die unter Rentenbeziehern; dass deutlich h\u00f6here Sozialbeitr\u00e4ge gerade Geringverdienern schaden und zu mehr Arbeitslosigkeit f\u00fchren; dass J\u00fcngere ohnehin schon mit steigenden Abgaben rechnen m\u00fcssen, weil die Pflegeversicherung nicht nachhaltig finanziert ist. Nat\u00fcrlich muss auch die private Altersvorsorge kosteng\u00fcnstiger, transparenter, zielgenauer werden als bisher. Aber darum gleich in die Zeit vor dem Jahr 2000 zur\u00fcck?<\/p>\n<p>Was treibt die R\u00fcckabwickler der Rentenreformen eigentlich zu solch drastischen Vorschl\u00e4gen? CSU und weite Teile der SPD schielen wohl auf das wachsende Potenzial \u00e4lterer W\u00e4hler. Es geht ihnen nicht um die Zukunft des Landes, sondern schlicht um die eigene im Hier und Jetzt. Und die Gewerkschaften? Sie sehen darin einen Hebel f\u00fcr eine ideologische Kehrtwende. Denn: je mehr staatliche Leistungen \u00fcber \u00f6ffentlich-rechtliche Institutionen, desto h\u00f6her der Einfluss von gesellschaftlich-parit\u00e4tisch besetzten Gremien, in denen immer auch die Gewerkschaften Sitz und Stimme haben. Sie verlangen zudem, dass auch Beamte und Selbst\u00e4ndige in die gesetzliche Rentenversicherung einzahlen m\u00fcssen. Ein insgesamt durchaus diskussionsw\u00fcrdiger Vorschlag. Aber das l\u00f6st nicht das Demografieproblem. Die IG Metall verschlimmert es eher.<\/p>\n<p>Sowohl CSU und SPD als auch die Gewerkschaft machen einen gewaltigen Fehler, wenn sie f\u00fcr ihre durchsichtigen politischen Ziele am Generationenvertrag herummanipulieren: Sie m\u00f6gen kurzfristig davon profitieren, stehen aber dann als Seniorenlobbyisten da und verlieren die jungen Menschen. Schlimmer: Sie setzen den sozialen Frieden aufs Spiel und unterminieren das Vertrauen in die Sozialsysteme, die wegen des digitalen Wandels der Arbeitswelt ohnehin schon unter Druck sind. Das bringt die Sozialversicherungen dann v\u00f6llig aus dem Gleichgewicht, was \u00fcber Arbeitskosten und Investitionsklima unmittelbar auf die Standortqualit\u00e4t durchschl\u00e4gt. Wenn die Wirtschaft in Zeiten der demografischen Alterung dann deswegen auch noch strauchelt, bekommt der Sozialstaat noch ganz andere Probleme.<\/p>\n","protected":false},"excerpt":{"rendered":"<p>CSU, SPD und IG Metall wollen die Rentenreformen r\u00fcckg\u00e4ngig machen &#8211; auf Kosten der jungen Menschen. Damit gef\u00e4hrden sie den Generationenfrieden. Weniger Beitragszahler, l\u00e4ngere Lebenszeit, mehr Rentenbezieher. Will sich die Politik auch nur einigerma\u00dfen fair gegen\u00fcber den Generationen verhalten, l\u00e4sst ihr die Demografie bei der gesetzlichen Rente eigentlich gar keine Wahl: Die damit einhergehenden Lasten [&hellip;]<\/p>\n","protected":false},"author":1,"featured_media":0,"comment_status":"closed","ping_status":"open","sticky":false,"template":"","format":"standard","meta":{"_monsterinsights_skip_tracking":false,"_monsterinsights_sitenote_active":false,"_monsterinsights_sitenote_note":"","_monsterinsights_sitenote_category":0,"jetpack_post_was_ever_published":false,"_jetpack_newsletter_access":"","_jetpack_dont_email_post_to_subs":false,"_jetpack_newsletter_tier_id":0,"_jetpack_memberships_contains_paywalled_content":false,"_jetpack_memberships_contains_paid_content":false,"footnotes":"","jetpack_publicize_message":"","jetpack_publicize_feature_enabled":true,"jetpack_social_post_already_shared":true,"jetpack_social_options":{"image_generator_settings":{"template":"highway","default_image_id":0,"font":"","enabled":false},"version":2}},"categories":[1],"tags":[198,194,118,192,197,196,199,37,193,38,195],"class_list":["post-302","post","type-post","status-publish","format-standard","hentry","category-uncategorized","tag-beamte","tag-csu","tag-demografie","tag-generationenvertrag","tag-gewerkschaften","tag-ig-metall","tag-pensionen","tag-rente","tag-rentenpolitik","tag-rentenreform","tag-spd"],"aioseo_notices":[],"jetpack_publicize_connections":[],"jetpack_featured_media_url":"","jetpack_shortlink":"https:\/\/wp.me\/p4f6gB-4S","jetpack_sharing_enabled":true,"_links":{"self":[{"href":"https:\/\/vox-populi.info\/index.php?rest_route=\/wp\/v2\/posts\/302","targetHints":{"allow":["GET"]}}],"collection":[{"href":"https:\/\/vox-populi.info\/index.php?rest_route=\/wp\/v2\/posts"}],"about":[{"href":"https:\/\/vox-populi.info\/index.php?rest_route=\/wp\/v2\/types\/post"}],"author":[{"embeddable":true,"href":"https:\/\/vox-populi.info\/index.php?rest_route=\/wp\/v2\/users\/1"}],"replies":[{"embeddable":true,"href":"https:\/\/vox-populi.info\/index.php?rest_route=%2Fwp%2Fv2%2Fcomments&post=302"}],"version-history":[{"count":2,"href":"https:\/\/vox-populi.info\/index.php?rest_route=\/wp\/v2\/posts\/302\/revisions"}],"predecessor-version":[{"id":304,"href":"https:\/\/vox-populi.info\/index.php?rest_route=\/wp\/v2\/posts\/302\/revisions\/304"}],"wp:attachment":[{"href":"https:\/\/vox-populi.info\/index.php?rest_route=%2Fwp%2Fv2%2Fmedia&parent=302"}],"wp:term":[{"taxonomy":"category","embeddable":true,"href":"https:\/\/vox-populi.info\/index.php?rest_route=%2Fwp%2Fv2%2Fcategories&post=302"},{"taxonomy":"post_tag","embeddable":true,"href":"https:\/\/vox-populi.info\/index.php?rest_route=%2Fwp%2Fv2%2Ftags&post=302"}],"curies":[{"name":"wp","href":"https:\/\/api.w.org\/{rel}","templated":true}]}}