{"id":280,"date":"2015-10-18T19:11:59","date_gmt":"2015-10-18T17:11:59","guid":{"rendered":"http:\/\/vox-populi.info\/?p=280"},"modified":"2015-10-18T19:22:33","modified_gmt":"2015-10-18T17:22:33","slug":"doppelte-datenmoral","status":"publish","type":"post","link":"https:\/\/vox-populi.info\/?p=280","title":{"rendered":"Doppelte Datenmoral"},"content":{"rendered":"<p>Es gibt gute Gr\u00fcnde, die Macht des Staates zu beschr\u00e4nken und seine Institutionen einer st\u00e4ndigen demokratischen Kontrolle zu unterwerfen. Schlie\u00dflich ist er an die von der Verfassung zugebilligten Gewalten gebunden, damit die Freiheit der Einzelnen gewahrt bleibt. Im Zweifelsfall muss ihn das Verfassungsgericht in die Schranken weisen. In diesem Sinne hatten die Karlsruher Richter Berlin 2010 ultimativ aufgefordert, die vom Bundestag 2008 beschlossene Vorratsdatenspeicherung zur\u00fcckzunehmen, weil damit in unzul\u00e4ssiger Weise in die Grundrechte eingegriffen werde. 2014 legte der Europ\u00e4ische Gerichtshof nach und verbot der EU die Speicherung von Verbindungsdaten \u00fcber einen l\u00e4ngeren Zeitraum.<\/p>\n<p>Nun ist der Aufschrei gro\u00df, weil der Bundestag die Vorratsdatenspeicherung in einer nur leicht angepassten Form erneut gebilligt hat. Danach sind Telekommunikationsunternehmen, Internetprovider und andere Zugangsanbieter nun verpflichtet, Kommunikationsdaten s\u00e4mtlicher B\u00fcrger verdachtsunabh\u00e4ngig aufzubewahren. Gew\u00e4hlte Rufnummern und genutzte Internetadressen m\u00fcssen zehn Wochen lang vorgehalten werden. F\u00fcr Mobilfunkdaten ist eine Speicherfrist von vier Wochen vorgesehen. Ausgenommen sind lediglich die Inhalte von Mails. Sicherheitsbeh\u00f6rden und Justiz hatten auf eine Neuauflage gedrungen, weil die Verbrechen der Gegenwart mit dem Instrumentarium der Vergangenheit eben schwieriger aufzukl\u00e4ren sind.<\/p>\n<p>Angesichts der aufgepeitschten Stimmung in den Kommentarspalten diverser Internetseiten kann man sich leicht ausmalen, wie sich nun eine regelrechte Widerstandswelle gegen die Politik aufbaut. Erste Verfassungsklagen wurden bereits angek\u00fcndigt. Den Sicherheitsbeh\u00f6rden und Berlin wird schlicht die Kompetenz in der Einsch\u00e4tzung der digitalen Gef\u00e4hrdungslage abgesprochen. Von einer neuen Totalitarismusgefahr wird schwadroniert, weil ein Verlust der demokratischen Kontrolle drohe.<\/p>\n<p>Doch muss man sich schon \u00fcber die oft hasserf\u00fcllten Kommentare wundern, zumal der Staat nur versucht, mit der technischen Entwicklung Schritt zu halten. Gegen Google, Facebook &amp; Co. indes hat sich keine solch lautstarke B\u00fcrgerbewegung gebildet, obwohl die globalen Digitalkonzerne weitaus tiefergehendere Datens\u00e4tze \u00fcber jeden einzelnen Nutzer besitzen. Dabei geht es dem Staat \u2013 immerhin das Gemeinwohl im Blick \u2013 einzig um die Sicherung des Rechts und die ihm demokratisch zugebilligten Aufgaben, w\u00e4hrend die gro\u00dfen Digitalkonzerne einzig ihren Profit vor Augen haben. Und w\u00e4hrend jeder Zugriff auf die Vorratsdaten erst von einem Richter genehmigt werden muss, ziehen sich die Konzerne einfach auf Jurisdiktionen zur\u00fcck, in denen sie keinerlei Schranken unterworfen sind bei Auswertung und Versilbern ihres Datenschatzes.<\/p>\n","protected":false},"excerpt":{"rendered":"<p>Es gibt gute Gr\u00fcnde, die Macht des Staates zu beschr\u00e4nken und seine Institutionen einer st\u00e4ndigen demokratischen Kontrolle zu unterwerfen. Schlie\u00dflich ist er an die von der Verfassung zugebilligten Gewalten gebunden, damit die Freiheit der Einzelnen gewahrt bleibt. Im Zweifelsfall muss ihn das Verfassungsgericht in die Schranken weisen. In diesem Sinne hatten die Karlsruher Richter Berlin [&hellip;]<\/p>\n","protected":false},"author":1,"featured_media":0,"comment_status":"closed","ping_status":"open","sticky":false,"template":"","format":"standard","meta":{"_monsterinsights_skip_tracking":false,"_monsterinsights_sitenote_active":false,"_monsterinsights_sitenote_note":"","_monsterinsights_sitenote_category":0,"jetpack_post_was_ever_published":false,"_jetpack_newsletter_access":"","_jetpack_dont_email_post_to_subs":false,"_jetpack_newsletter_tier_id":0,"_jetpack_memberships_contains_paywalled_content":false,"_jetpack_memberships_contains_paid_content":false,"footnotes":"","jetpack_publicize_message":"","jetpack_publicize_feature_enabled":true,"jetpack_social_post_already_shared":true,"jetpack_social_options":{"image_generator_settings":{"template":"highway","default_image_id":0,"font":"","enabled":false},"version":2}},"categories":[31],"tags":[62,182,52,7,5,79],"class_list":["post-280","post","type-post","status-publish","format-standard","hentry","category-kommentar","tag-bundesverfassungsgericht","tag-datenschutz","tag-eugh","tag-facebook","tag-google","tag-vorratsdatenspeicherung"],"aioseo_notices":[],"jetpack_publicize_connections":[],"jetpack_featured_media_url":"","jetpack_shortlink":"https:\/\/wp.me\/p4f6gB-4w","jetpack_sharing_enabled":true,"_links":{"self":[{"href":"https:\/\/vox-populi.info\/index.php?rest_route=\/wp\/v2\/posts\/280","targetHints":{"allow":["GET"]}}],"collection":[{"href":"https:\/\/vox-populi.info\/index.php?rest_route=\/wp\/v2\/posts"}],"about":[{"href":"https:\/\/vox-populi.info\/index.php?rest_route=\/wp\/v2\/types\/post"}],"author":[{"embeddable":true,"href":"https:\/\/vox-populi.info\/index.php?rest_route=\/wp\/v2\/users\/1"}],"replies":[{"embeddable":true,"href":"https:\/\/vox-populi.info\/index.php?rest_route=%2Fwp%2Fv2%2Fcomments&post=280"}],"version-history":[{"count":1,"href":"https:\/\/vox-populi.info\/index.php?rest_route=\/wp\/v2\/posts\/280\/revisions"}],"predecessor-version":[{"id":281,"href":"https:\/\/vox-populi.info\/index.php?rest_route=\/wp\/v2\/posts\/280\/revisions\/281"}],"wp:attachment":[{"href":"https:\/\/vox-populi.info\/index.php?rest_route=%2Fwp%2Fv2%2Fmedia&parent=280"}],"wp:term":[{"taxonomy":"category","embeddable":true,"href":"https:\/\/vox-populi.info\/index.php?rest_route=%2Fwp%2Fv2%2Fcategories&post=280"},{"taxonomy":"post_tag","embeddable":true,"href":"https:\/\/vox-populi.info\/index.php?rest_route=%2Fwp%2Fv2%2Ftags&post=280"}],"curies":[{"name":"wp","href":"https:\/\/api.w.org\/{rel}","templated":true}]}}