{"id":216,"date":"2015-05-23T10:10:12","date_gmt":"2015-05-23T08:10:12","guid":{"rendered":"http:\/\/vox-populi.info\/?p=216"},"modified":"2015-05-23T10:10:12","modified_gmt":"2015-05-23T08:10:12","slug":"fauxpas-der-ezb","status":"publish","type":"post","link":"https:\/\/vox-populi.info\/?p=216","title":{"rendered":"Fauxpas der EZB"},"content":{"rendered":"<blockquote><p><a href=\"https:\/\/vox-populi.info\/wp-content\/uploads\/2014\/01\/IMG-20130806-WA0011_edit1.jpg\"><img loading=\"lazy\" decoding=\"async\" class=\"  alignleft wp-image-30 \" src=\"https:\/\/vox-populi.info\/wp-content\/uploads\/2014\/01\/IMG-20130806-WA0011_edit1-150x150.jpg\" alt=\"IMG-20130806-WA0011_edit1\" width=\"94\" height=\"94\" \/><\/a>Um Insidergesch\u00e4fte zu verhindern und weil sie eine \u00f6ffentliche, demokratisch zu \u00a0kontrollierende Einrichtung ist, darf die EZB Medien k\u00fcnftig nicht mehr von Veranstaltungen fernhalten.<\/p><\/blockquote>\n<p>&nbsp;<\/p>\n<p>Da verschafft EZB-Direktor Beno\u00eet Coeur\u00e9 einigen Marktakteuren das Gesch\u00e4ft ihres Lebens, weil er in einer geschlossenen Veranstaltung verk\u00fcndet, dass die Notenbank vor der Sommerpause verst\u00e4rkt Anleihen aufkaufen wird, um im Hochsommer bei einem dann ausged\u00fcnnten Markt etwas zur\u00fcckhaltender zu agieren, doch offenbar ist die EZB der Ansicht, dass daf\u00fcr die Journalisten b\u00fc\u00dfen m\u00fcssen.<\/p>\n<p>Zumindest hat es diesen Anschein, da die Notenbank just am gestrigen Donnerstag verk\u00fcndete, dass die Presse k\u00fcnftig nicht mehr vorab gegen Sperrfrist die Reden wichtiger EZB-Akteure erhalten darf. Zwar weisen die W\u00e4hrungsh\u00fcter die Unterstellung von sich, das sei eine Reaktion auf den Fauxpas von Coeur\u00e9. Die \u00c4nderung habe man seit Monaten debattiert, weil \u00fcber soziale Netzwerke Informationen vor Ablauf der Sperrfrist ver\u00f6ffentlicht worden seien. Doch der Zeitpunkt \u00fcberrascht schon &#8211; nur zwei Tage nach dem Kommunikationsdebakel.<\/p>\n<p>Dabei ist die Verteilung von Reden gegen Sperrfrist eine von Zentralbanken seit Jahren ge\u00fcbte Praxis, um gerade sicherzustellen, dass Medien zeitgleich \u00fcber EZB-\u00c4u\u00dferungen berichten. Kein Marktteilnehmer, der sich zuf\u00e4llig auf der dazugeh\u00f6rigen Veranstaltung befindet, soll einen Informationsvorsprung haben. Wie sich aber gezeigt hat, ist der Bruch von Sperrfristen eher das geringere Problem der Notenbank, ein gr\u00f6\u00dferes sind vielmehr unbedachte \u00c4u\u00dferungen ihres Spitzenpersonals. Oder Kommunikationspannen, wie im aktuellen Fall, weil die Rede erst am n\u00e4chsten Morgen ver\u00f6ffentlicht wurde. Die Verantwortlichen in der Notenbank sollten sich also an die eigene Nase fassen. Auch der US-Notenbank Fed ist unl\u00e4ngst eine solche Panne unterlaufen, als sie eine Mail versehentlich vorab an Wall-Street-Banken verschickt hatte und es zu Kursreaktionen gekommen war.<\/p>\n<p>Pikant ist zudem, dass Coeur\u00e9 an jenem Montag in London die Rede in einer geschlossenen Veranstaltung gerade vor Marktteilnehmern wie Hedgefondsmanagern gehalten hatte, deren Umtriebigkeit ja durchaus bekannt ist. Medien waren \u00fcbrigens nicht zugelassen. Schon w\u00e4hrend der Veranstaltung ging der Euro zum Dollar auf Talfahrt &#8211; moderne Medien machen es m\u00f6glich. Will man Insiderverst\u00f6\u00dfe verhindern, darf die \u00d6ffentlichkeit k\u00fcnftig von keinem EZB-Auftritt mehr ausgesperrt werden.<\/p>\n","protected":false},"excerpt":{"rendered":"<p>Um Insidergesch\u00e4fte zu verhindern und weil sie eine \u00f6ffentliche, demokratisch zu \u00a0kontrollierende Einrichtung ist, darf die EZB Medien k\u00fcnftig nicht mehr von Veranstaltungen fernhalten. &nbsp; Da verschafft EZB-Direktor Beno\u00eet Coeur\u00e9 einigen Marktakteuren das Gesch\u00e4ft ihres Lebens, weil er in einer geschlossenen Veranstaltung verk\u00fcndet, dass die Notenbank vor der Sommerpause verst\u00e4rkt Anleihen aufkaufen wird, um im [&hellip;]<\/p>\n","protected":false},"author":1,"featured_media":0,"comment_status":"closed","ping_status":"open","sticky":false,"template":"","format":"standard","meta":{"_monsterinsights_skip_tracking":false,"_monsterinsights_sitenote_active":false,"_monsterinsights_sitenote_note":"","_monsterinsights_sitenote_category":0,"jetpack_post_was_ever_published":false,"_jetpack_newsletter_access":"","_jetpack_dont_email_post_to_subs":false,"_jetpack_newsletter_tier_id":0,"_jetpack_memberships_contains_paywalled_content":false,"_jetpack_memberships_contains_paid_content":false,"footnotes":"","jetpack_publicize_message":"","jetpack_publicize_feature_enabled":true,"jetpack_social_post_already_shared":true,"jetpack_social_options":{"image_generator_settings":{"template":"highway","default_image_id":0,"font":"","enabled":false},"version":2}},"categories":[31],"tags":[60,56,35,132],"class_list":["post-216","post","type-post","status-publish","format-standard","hentry","category-kommentar","tag-bundesbank","tag-demokratie","tag-ezb","tag-hedgefonds"],"aioseo_notices":[],"jetpack_publicize_connections":[],"jetpack_featured_media_url":"","jetpack_shortlink":"https:\/\/wp.me\/p4f6gB-3u","jetpack_sharing_enabled":true,"_links":{"self":[{"href":"https:\/\/vox-populi.info\/index.php?rest_route=\/wp\/v2\/posts\/216","targetHints":{"allow":["GET"]}}],"collection":[{"href":"https:\/\/vox-populi.info\/index.php?rest_route=\/wp\/v2\/posts"}],"about":[{"href":"https:\/\/vox-populi.info\/index.php?rest_route=\/wp\/v2\/types\/post"}],"author":[{"embeddable":true,"href":"https:\/\/vox-populi.info\/index.php?rest_route=\/wp\/v2\/users\/1"}],"replies":[{"embeddable":true,"href":"https:\/\/vox-populi.info\/index.php?rest_route=%2Fwp%2Fv2%2Fcomments&post=216"}],"version-history":[{"count":2,"href":"https:\/\/vox-populi.info\/index.php?rest_route=\/wp\/v2\/posts\/216\/revisions"}],"predecessor-version":[{"id":218,"href":"https:\/\/vox-populi.info\/index.php?rest_route=\/wp\/v2\/posts\/216\/revisions\/218"}],"wp:attachment":[{"href":"https:\/\/vox-populi.info\/index.php?rest_route=%2Fwp%2Fv2%2Fmedia&parent=216"}],"wp:term":[{"taxonomy":"category","embeddable":true,"href":"https:\/\/vox-populi.info\/index.php?rest_route=%2Fwp%2Fv2%2Fcategories&post=216"},{"taxonomy":"post_tag","embeddable":true,"href":"https:\/\/vox-populi.info\/index.php?rest_route=%2Fwp%2Fv2%2Ftags&post=216"}],"curies":[{"name":"wp","href":"https:\/\/api.w.org\/{rel}","templated":true}]}}