{"id":128,"date":"2014-06-01T16:30:59","date_gmt":"2014-06-01T14:30:59","guid":{"rendered":"http:\/\/vox-populi.info\/?p=128"},"modified":"2014-06-01T16:30:59","modified_gmt":"2014-06-01T14:30:59","slug":"salon-revolutionaer-marx","status":"publish","type":"post","link":"https:\/\/vox-populi.info\/?p=128","title":{"rendered":"Salon-Revolution\u00e4r Marx"},"content":{"rendered":"<p>Kardinal Reinhard Marx, der Vorsitzende der Deutschen Bischofskonferenz, biedert sich wieder einmal bei seinen Sch\u00e4fchen an. Waren es noch vor einigen Jahren \u00a8die Kapitalisten\u00a8, denen er moralische Argumente zur Rechtfertigung ihres Tuns lieferte. Daf\u00fcr wurde er von ihnen hoffiert und als \u00a8Kapitalismusversteher\u00a8 gehandelt, der die Marktwirtschaft &#8211; nat\u00fcrlich in ihrer sozialen Variante &#8211; verstanden hat und verteidigt. <\/p>\n<p>Nun hat sich mit dem neuen Papst allerdings der Wind gedreht &#8211; f\u00fcr die Kirche und f\u00fcr ihn. Deshalb sind jetzt all jene Opferl\u00e4mmer an der Reihe, moralisch bedacht zu werden, die irgendwie unzufrieden sind \u00fcber ihre aktuellen Lebensverh\u00e4ltnisse und die Lage in Deutschland insgesamt. Die Finanzkrise, die Bankenhilfen, die von Berlin oktroyierte Austerit\u00e4tspolitik f\u00fcr die Peripheriel\u00e4nder bietet sich ja geradezu an &#8211; die Hintergr\u00fcnde und Ursachen daf\u00fcr spielen ja keine Rolle. Das Feindbild ist klar. Und deshalb forderte Marx zum Katholikentag in Regensburg auch nicht weniger als die \u00dcberwindung des Kapitalismus und erkl\u00e4rte: &#8222;Wir m\u00fcssen \u00fcber die Neubestimmung der Gesellschaft und des Staates auf globaler Ebene diskutieren, \u00fcber den Kapitalismus hinausdenken, denn Kapitalismus ist nicht das Ziel, sondern wir m\u00fcssen ihn \u00fcberwinden.&#8220; <\/p>\n<p>Kein Wort allerdings \u00fcber die Alternativen, die ihm vorschweben. Soll es der Staat richten, der auch &#8211; wie praktisch &#8211; die Kirchensteuer einzieht und an die Katholische Kirche weitergibt? Oder ein wohlmeinender Herrscher, der \u00fcber Gut und B\u00f6se entscheidet und nat\u00fcrlich &#8211; wie die Kirche &#8211; \u00fcber den gesellschaftlichen Niederungen steht, \u00fcber dem &#8222;Markt&#8220;, \u00fcber demokratisch verfasste Institutionen? Marx wird nicht konkret. Offenbar geht es &#8211; wieder einmal &#8211; nur um eine Fensterrede, um in die \u00f6ffentliche Meinung f\u00fcr sich einzunehmen und sich f\u00fcr ein popul\u00e4res Thema adeln zu lassen: Kapitalismus-Bashing. So wie Politiker gerne in Sonntagsreden Europa hochleben lassen, in den Hinterzimmern aber ihre nationalen Interessen durchzudr\u00fccken versuchen.<\/p>\n<p>Denn wenn Marx seine \u00c4u\u00dferungen ernst nehmen w\u00fcrde, m\u00fcsste am Anfang das Bekenntnis stehen, sich vom Staat loszusagen &#8211; also auch von der Finanzierung der Bisch\u00f6fe und Religionslehrer durch den Steuerzahler. Der Verzicht auf die Kirchensteuer w\u00e4re dann der n\u00e4chste Glaubw\u00fcrdigkeitsakt, gefolgt vom Bekenntnis, die Kirchenfinanzierung auf einen freiwilligen Beitrag umstellen zu wollen. Und schlussendlich m\u00fcssten das Multi-Milliarden-Verm\u00f6gen der Kirchen auf den Pr\u00fcfstand gestellt und eine Diskussion \u00fcber dessen sozialen Einsatz orchestriert werden. Schlie\u00dflich hat doch gerade sein neuer Dienstherr, Papst Franziskus, verk\u00fcndet, dass nur eine \u00a8arme Kirche f\u00fcr die Armen\u00a8 die wahre Bestimmung dieser Organisation ist. <\/p>\n<p>Solange das nicht einmal im Ansatz geschieht, das soziale Engagement allenfalls in Aufrufen zu Adveniat, Renovabis und Entwicklungshilfe gipfelt, ansonsten die Kirchenf\u00fcrsten weiter in Protz und Pomp residieren (der Limburger Ex-Bischof Tebartz van Elst steht hier ja nicht allein, sondern hat, wie dessen Verteidiger immer wieder zeigen, auch viele F\u00fcrsprecher), solange ist der Aufruf von Marx nicht f\u00fcr bare M\u00fcnze zu nehmen, sondern allenfalls als PR-Aktion zu werten. Das Ansehen der Kirche selber wird durch solche Salon-Revolution\u00e4re jedenfalls nicht besser.<\/p>\n","protected":false},"excerpt":{"rendered":"<p>Kardinal Reinhard Marx, der Vorsitzende der Deutschen Bischofskonferenz, biedert sich wieder einmal bei seinen Sch\u00e4fchen an. Waren es noch vor einigen Jahren \u00a8die Kapitalisten\u00a8, denen er moralische Argumente zur Rechtfertigung ihres Tuns lieferte. Daf\u00fcr wurde er von ihnen hoffiert und als \u00a8Kapitalismusversteher\u00a8 gehandelt, der die Marktwirtschaft &#8211; nat\u00fcrlich in ihrer sozialen Variante &#8211; verstanden hat [&hellip;]<\/p>\n","protected":false},"author":1,"featured_media":0,"comment_status":"closed","ping_status":"open","sticky":false,"template":"","format":"standard","meta":{"_monsterinsights_skip_tracking":false,"_monsterinsights_sitenote_active":false,"_monsterinsights_sitenote_note":"","_monsterinsights_sitenote_category":0,"jetpack_post_was_ever_published":false,"_jetpack_newsletter_access":"","_jetpack_dont_email_post_to_subs":false,"_jetpack_newsletter_tier_id":0,"_jetpack_memberships_contains_paywalled_content":false,"_jetpack_memberships_contains_paid_content":false,"footnotes":"","jetpack_publicize_message":"","jetpack_publicize_feature_enabled":true,"jetpack_social_post_already_shared":true,"jetpack_social_options":{"image_generator_settings":{"template":"highway","default_image_id":0,"font":"","enabled":false},"version":2}},"categories":[31],"tags":[83,81,82],"class_list":["post-128","post","type-post","status-publish","format-standard","hentry","category-kommentar","tag-kapitalismus","tag-katholische-kirche","tag-marx"],"aioseo_notices":[],"jetpack_publicize_connections":[],"jetpack_featured_media_url":"","jetpack_shortlink":"https:\/\/wp.me\/p4f6gB-24","jetpack_sharing_enabled":true,"_links":{"self":[{"href":"https:\/\/vox-populi.info\/index.php?rest_route=\/wp\/v2\/posts\/128","targetHints":{"allow":["GET"]}}],"collection":[{"href":"https:\/\/vox-populi.info\/index.php?rest_route=\/wp\/v2\/posts"}],"about":[{"href":"https:\/\/vox-populi.info\/index.php?rest_route=\/wp\/v2\/types\/post"}],"author":[{"embeddable":true,"href":"https:\/\/vox-populi.info\/index.php?rest_route=\/wp\/v2\/users\/1"}],"replies":[{"embeddable":true,"href":"https:\/\/vox-populi.info\/index.php?rest_route=%2Fwp%2Fv2%2Fcomments&post=128"}],"version-history":[{"count":2,"href":"https:\/\/vox-populi.info\/index.php?rest_route=\/wp\/v2\/posts\/128\/revisions"}],"predecessor-version":[{"id":130,"href":"https:\/\/vox-populi.info\/index.php?rest_route=\/wp\/v2\/posts\/128\/revisions\/130"}],"wp:attachment":[{"href":"https:\/\/vox-populi.info\/index.php?rest_route=%2Fwp%2Fv2%2Fmedia&parent=128"}],"wp:term":[{"taxonomy":"category","embeddable":true,"href":"https:\/\/vox-populi.info\/index.php?rest_route=%2Fwp%2Fv2%2Fcategories&post=128"},{"taxonomy":"post_tag","embeddable":true,"href":"https:\/\/vox-populi.info\/index.php?rest_route=%2Fwp%2Fv2%2Ftags&post=128"}],"curies":[{"name":"wp","href":"https:\/\/api.w.org\/{rel}","templated":true}]}}